{"id":337,"date":"2016-08-01T17:09:30","date_gmt":"2016-08-01T22:09:30","guid":{"rendered":"http:\/\/kulzer-info.mx\/?p=337"},"modified":"2018-07-30T17:28:59","modified_gmt":"2018-07-30T22:28:59","slug":"gv_black","status":"publish","type":"post","link":"http:\/\/kulzer-info.mx\/index.php\/2016\/08\/01\/gv_black\/","title":{"rendered":"Greene Vardiman Black"},"content":{"rendered":"<div class=\"\" data-block=\"true\" data-editor=\"fdf72\" data-offset-key=\"bl0jb-0-0\">\n<div class=\"_1mf _1mj\" data-offset-key=\"bl0jb-0-0\"><a href=\"http:\/\/kulzer-info.mx\/wp-content\/uploads\/2016\/08\/GV_Black2.jpg\" rel=\"attachment wp-att-339\"><br \/>\n<\/a><a href=\"http:\/\/kulzer-info.mx\/wp-content\/uploads\/2016\/08\/GV_Black.jpg\" rel=\"attachment wp-att-341\"><img loading=\"lazy\" decoding=\"async\" class=\" wp-image-341 alignleft\" src=\"http:\/\/kulzer-info.mx\/wp-content\/uploads\/2016\/08\/GV_Black.jpg\" alt=\"GV_Black\" width=\"243\" height=\"320\" \/><\/a>Un 3 de agosto de 1836 nac\u00eda, en Winchester-Illinois, Estados Unidos, el Dr. Greene Vardiman Black. Considerado como uno de los fundadores de la odontolog\u00eda moderna, padre de la operatoria dental, y debido a sus estudios e investigaciones se lo recuerda como uno de los dentistas m\u00e1s grandes de todos los tiempos.<\/div>\n<\/div>\n<div class=\"\" data-block=\"true\" data-editor=\"fdf72\" data-offset-key=\"5q0km-0-0\">\n<div class=\"_1mf _1mj\" data-offset-key=\"5q0km-0-0\"><span data-offset-key=\"5q0km-0-0\">\u00a0<\/span>De peque\u00f1o viv\u00eda en una granja junto con su padre William, su madre Mary y cinco hermanos. Era un amante de la naturaleza y pasaba horas observandola, destac\u00e1ndose desde muy peque\u00f1o su esp\u00edritu autodidacta y su gran capacidad de observaci\u00f3n. Todas estas cualidades le ayudar\u00edan en sus estudios de medicina y odontolog\u00eda.<\/div>\n<div class=\"_1mf _1mj\" data-offset-key=\"5q0km-0-0\"><\/div>\n<\/div>\n<p><!--more--><\/p>\n<div class=\"\" data-block=\"true\" data-editor=\"fdf72\" data-offset-key=\"af4q6-0-0\">\n<div class=\"_1mf _1mj\" data-offset-key=\"af4q6-0-0\"><span data-offset-key=\"af4q6-0-0\">\u00a0<\/span><\/div>\n<\/div>\n<div class=\"\" data-block=\"true\" data-editor=\"fdf72\" data-offset-key=\"d6qgr-0-0\">\n<div class=\"_1mf _1mj\" data-offset-key=\"d6qgr-0-0\"><span data-offset-key=\"d6qgr-0-0\"><span data-text=\"true\">A la edad de 17 a\u00f1os se va a vivir con su hermano mayor, Thomas Black, quien era m\u00e9dico graduado del Louisville Medical College y disfrutaba de una pr\u00e1ctica lucrativa. Su hermano paso a ser el tutor que lo introdujo al mundo de la medicina. Bajo su direcci\u00f3n adquiri\u00f3 sus primeros conocimientos que lo hicieron interesarse en ella.<\/span><\/span><\/div>\n<\/div>\n<div class=\"\" data-block=\"true\" data-editor=\"fdf72\" data-offset-key=\"2hnur-0-0\"><\/div>\n<div class=\"\" data-block=\"true\" data-editor=\"fdf72\" data-offset-key=\"2ho1m-0-0\">\n<div class=\"_1mf _1mj\" data-offset-key=\"2ho1m-0-0\"><span data-offset-key=\"2ho1m-0-0\"><span data-text=\"true\">Durante cuatro a\u00f1os estudi\u00f3 sobre medicina y anatom\u00eda. Parec\u00eda que se dedicar\u00eda a la medicina pero conoci\u00f3 al dentista Dr. J.C. Speer y se intereso en la odontolog\u00eda y as\u00ed comenz\u00f3 su aprendizaje. <\/span><\/span><\/div>\n<\/div>\n<div class=\"\" data-block=\"true\" data-editor=\"fdf72\" data-offset-key=\"8j2od-0-0\"><\/div>\n<div class=\"\" data-block=\"true\" data-editor=\"fdf72\" data-offset-key=\"8sd48-0-0\">\n<div class=\"_1mf _1mj\" data-offset-key=\"8sd48-0-0\"><span data-offset-key=\"8sd48-0-0\"><span data-text=\"true\">El asist\u00eda al Dr. Speer en su consultorio aprendiendo todo lo concerniente a la profesi\u00f3n. Despu\u00e9s de la Guerra Civil de la que tom\u00f3 parte, se muda a Jacksonville, Illinois. Donde abre su propio consultorio convirti\u00e9ndose en un respetado y reconocido dentista.<\/span><\/span><\/div>\n<\/div>\n<div class=\"\" data-block=\"true\" data-editor=\"fdf72\" data-offset-key=\"9rm16-0-0\">\n<div class=\"_1mf _1mj\" data-offset-key=\"9rm16-0-0\"><span data-offset-key=\"9rm16-0-0\">\u00a0<\/span><\/div>\n<\/div>\n<div class=\"\" data-block=\"true\" data-editor=\"fdf72\" data-offset-key=\"e2b6h-0-0\">\n<div class=\"_1mf _1mj\" data-offset-key=\"e2b6h-0-0\"><span data-offset-key=\"e2b6h-0-0\"><span data-text=\"true\">Era un estudioso y apasionado que ten\u00eda un enfoque cient\u00edfico e innovador, sus inquietudes lo llevan a desarrollar e investigar diversos temas como: la fluorosis dentaria, la mejor composici\u00f3n para la amalgama dental, la extracci\u00f3n indolora con la aplicaci\u00f3n de \u00f3xido nitroso, entre otros.<\/span><\/span><\/div>\n<\/div>\n<div class=\"_1mf _1mj\" data-offset-key=\"e2b6h-0-0\">\n<div><\/div>\n<blockquote>\n<div style=\"text-align: center;\">Estableci\u00f3 la primera\u00a0clasificaci\u00f3n de lesiones dentarias, agrup\u00e1ndolas en cinco clases, seg\u00fan su localizaci\u00f3n en Clase I, II, III, IV, V.<\/div>\n<div style=\"text-align: center;\">Y seg\u00fan las caras implicadas en simple, compuesta y compleja.<\/div>\n<div style=\"text-align: center;\"><em><strong><u>Simple<\/u><\/strong>: cuando afecta una cara.<\/em><\/div>\n<div style=\"text-align: center;\"><em><u><strong>Compuesta<\/strong><\/u>: cuando afecta dos caras.<\/em><\/div>\n<div style=\"text-align: center;\">\n<p><em><em><u><strong>Compleja<\/strong><\/u>: cuando afecta tres caras.<\/em><\/em><\/p>\n<p>&nbsp;<\/p>\n<div><strong><u>Clase I:<\/u><\/strong> Cavidades de puntos, fosas y fisuras en las caras oclusales de molares y premolares superiores e inferiores, en\u00a0sus caras (libres)\u00a0vestibulares, linguales\u00a0\u00f3 palatina y en c\u00edngulum de incisivos y caninos superiores e inferiores.<\/div>\n<div>&#8211; <em>Puede ser simple, compuesta y compleja.<\/em><\/div>\n<div><\/div>\n<div><strong><u>Clase\u00a0II:<\/u><\/strong> Cavidades en caras proximales de molares y premolares.<\/div>\n<div>&#8211;<em>Puede ser simple, compuesta y compleja.<\/em><\/div>\n<div><\/div>\n<div><strong><u>Clase III<\/u><\/strong>: Cavidades en caras proximales de dientes anteriores (caninos\u00a0e incisivos) que <strong><u>no<\/u><\/strong> abarque el\u00a0\u00e1ngulo incisal.<\/div>\n<div>&#8211;<em> Puede ser simple y compuesta ( no hay compleja).<\/em><\/div>\n<div><strong><u>Clase IV<\/u><\/strong>: Cavidades en\u00a0 caras proximales de incisivos y caninos donde si involucra\u00a0\u00e1ngulos y bordes incisales.<\/div>\n<div>&#8211; <em>Puede ser Simple, compuesta y compleja.<\/em><\/div>\n<div><\/div>\n<div><strong><u>Clase V<\/u><\/strong>: Cavidades en\u00a0el tercio gingival por vestibular, palatino \u00f3 lingual de todas las piezas.<\/div>\n<div>&#8211; <em>Puede ser:\u00a0A, B y C.<\/em><strong>(aqu\u00ed no aplica simple, compuesta ni compleja).<\/strong><\/div>\n<div><strong>A<\/strong>: Cuando afecta al tercio gingival en la zona del <u>esmalte.<\/u><\/div>\n<div><strong>B<\/strong>: Cuando afecta al tercio\u00a0gingival en la zona del <u>esmalte y cemento.<\/u><\/div>\n<div><strong>C:<\/strong> Cuando afecta al tercio gingival en la zona del <u>cemento<\/u>.<\/div>\n<\/div>\n<\/blockquote>\n<\/div>\n<div><\/div>\n<div><a href=\"http:\/\/kulzer-info.mx\/wp-content\/uploads\/2016\/08\/Dia_Black1.jpg\"><img loading=\"lazy\" decoding=\"async\" class=\"aligncenter size-full wp-image-2135\" src=\"http:\/\/kulzer-info.mx\/wp-content\/uploads\/2016\/08\/Dia_Black1.jpg\" alt=\"\" width=\"960\" height=\"960\" srcset=\"http:\/\/kulzer-info.mx\/wp-content\/uploads\/2016\/08\/Dia_Black1.jpg 960w, http:\/\/kulzer-info.mx\/wp-content\/uploads\/2016\/08\/Dia_Black1-300x300.jpg 300w, http:\/\/kulzer-info.mx\/wp-content\/uploads\/2016\/08\/Dia_Black1-100x100.jpg 100w, http:\/\/kulzer-info.mx\/wp-content\/uploads\/2016\/08\/Dia_Black1-600x600.jpg 600w, http:\/\/kulzer-info.mx\/wp-content\/uploads\/2016\/08\/Dia_Black1-150x150.jpg 150w, http:\/\/kulzer-info.mx\/wp-content\/uploads\/2016\/08\/Dia_Black1-768x768.jpg 768w\" sizes=\"auto, (max-width: 960px) 100vw, 960px\" \/><\/a><\/div>\n<div class=\"\" data-block=\"true\" data-editor=\"fdf72\" data-offset-key=\"eivtm-0-0\">\n<div class=\"_1mf _1mj\" data-offset-key=\"eivtm-0-0\"><span data-offset-key=\"eivtm-0-0\">\u00a0<\/span><\/div>\n<\/div>\n<div class=\"\" data-block=\"true\" data-editor=\"fdf72\" data-offset-key=\"9tu40-0-0\">\n<div class=\"_1mf _1mj\" data-offset-key=\"9tu40-0-0\"><span data-offset-key=\"9tu40-0-0\"><span data-text=\"true\">Adem\u00e1s sent\u00f3 principios para la restauraci\u00f3n dental, la preparaci\u00f3n del diente y sus rellenos, organiz\u00f3 y clasific\u00f3 por primera vez las caries dentales. Entre los libros publicados por el Dr. Black est\u00e1n: \u00abFormation of poisons by microorganisms\u00bb, \u00abThe Periosteum and the Peridental Membrane\u00bb, \u00abOperative Dentistry\u00bb (2 tomos) y \u00abSpecial Dental Pathology\u00bb. Fue una figura muy respetada dentro del \u00e1mbito odontol\u00f3gico que lo llevaron a ocupar los cargos m\u00e1s altos en diversas asociaciones e universidades.<\/span><\/span><\/div>\n<\/div>\n","protected":false},"excerpt":{"rendered":"<p>Un 3 de agosto de 1836 nac\u00eda, en Winchester-Illinois, Estados Unidos, el Dr. Greene Vardiman Black. Considerado como uno de los fundadores de la odontolog\u00eda moderna, padre de la operatoria dental, y debido a sus estudios e investigaciones se lo recuerda como uno de los dentistas m\u00e1s grandes de todos los tiempos. \u00a0De peque\u00f1o viv\u00eda en una granja junto con [&hellip;]<\/p>\n","protected":false},"author":1,"featured_media":0,"comment_status":"open","ping_status":"open","sticky":false,"template":"","format":"standard","meta":{"footnotes":""},"categories":[13],"tags":[],"class_list":["post-337","post","type-post","status-publish","format-standard","hentry","category-odontologia"],"_links":{"self":[{"href":"http:\/\/kulzer-info.mx\/index.php\/wp-json\/wp\/v2\/posts\/337","targetHints":{"allow":["GET"]}}],"collection":[{"href":"http:\/\/kulzer-info.mx\/index.php\/wp-json\/wp\/v2\/posts"}],"about":[{"href":"http:\/\/kulzer-info.mx\/index.php\/wp-json\/wp\/v2\/types\/post"}],"author":[{"embeddable":true,"href":"http:\/\/kulzer-info.mx\/index.php\/wp-json\/wp\/v2\/users\/1"}],"replies":[{"embeddable":true,"href":"http:\/\/kulzer-info.mx\/index.php\/wp-json\/wp\/v2\/comments?post=337"}],"version-history":[{"count":4,"href":"http:\/\/kulzer-info.mx\/index.php\/wp-json\/wp\/v2\/posts\/337\/revisions"}],"predecessor-version":[{"id":2136,"href":"http:\/\/kulzer-info.mx\/index.php\/wp-json\/wp\/v2\/posts\/337\/revisions\/2136"}],"wp:attachment":[{"href":"http:\/\/kulzer-info.mx\/index.php\/wp-json\/wp\/v2\/media?parent=337"}],"wp:term":[{"taxonomy":"category","embeddable":true,"href":"http:\/\/kulzer-info.mx\/index.php\/wp-json\/wp\/v2\/categories?post=337"},{"taxonomy":"post_tag","embeddable":true,"href":"http:\/\/kulzer-info.mx\/index.php\/wp-json\/wp\/v2\/tags?post=337"}],"curies":[{"name":"wp","href":"https:\/\/api.w.org\/{rel}","templated":true}]}}